{"id":419,"count":34,"description":"Les extracteurs de tomates Reber sont con\u00e7us pour r\u00e9pondre aux exigences des ateliers de transformation alimentaire, des cuisines professionnelles et des productions intensives. \u00c9quip\u00e9s de moteurs fiables pr\u00e9vus pour un fonctionnement en continu, ils assurent une production fluide et durable m\u00eame dans les environnements les plus exigeants. Les \u00e9l\u00e9ments en contact avec les aliments se d\u00e9montent ais\u00e9ment, permettant un nettoyage rapide et efficace, gage d\u2019hygi\u00e8ne optimale et de praticit\u00e9 op\u00e9rationnelle.","link":"https:\/\/www.rebersrl.it\/fr\/transformation-aliments\/pressetomates\/","name":"Presse tomates","slug":"pressetomates","taxonomy":"tipologia-trasformare","parent":0,"meta":[],"acf":[],"yoast_head":"<!-- This site is optimized with the Yoast SEO plugin v27.4 - https:\/\/yoast.com\/product\/yoast-seo-wordpress\/ -->\n<title>Presse tomates Archivi - Reber Srl<\/title>\n<meta name=\"description\" content=\"D\u00e9couvrez les presse-tomates professionnels Reber : id\u00e9aux pour transformer tomates, fruits et l\u00e9gumes en conserves, confitures et jus.\" \/>\n<meta name=\"robots\" content=\"index, follow, max-snippet:-1, max-image-preview:large, max-video-preview:-1\" \/>\n<link rel=\"canonical\" href=\"https:\/\/www.rebersrl.it\/fr\/transformation-aliments\/pressetomates\/\" \/>\n<meta property=\"og:locale\" content=\"fr_FR\" \/>\n<meta property=\"og:type\" content=\"article\" \/>\n<meta property=\"og:title\" content=\"Presse tomates Archivi - Reber Srl\" \/>\n<meta property=\"og:description\" content=\"D\u00e9couvrez les presse-tomates professionnels Reber : id\u00e9aux pour transformer tomates, fruits et l\u00e9gumes en conserves, confitures et jus.\" \/>\n<meta property=\"og:url\" content=\"https:\/\/www.rebersrl.it\/fr\/transformation-aliments\/pressetomates\/\" \/>\n<meta property=\"og:site_name\" content=\"Reber Srl\" \/>\n<meta property=\"og:image\" content=\"https:\/\/www.rebersrl.it\/wp-content\/uploads\/2025\/07\/Immagine-PNG-2.png\" \/>\n\t<meta property=\"og:image:width\" content=\"1536\" \/>\n\t<meta property=\"og:image:height\" content=\"1024\" \/>\n\t<meta property=\"og:image:type\" content=\"image\/png\" \/>\n<meta name=\"twitter:card\" content=\"summary_large_image\" \/>\n<script type=\"application\/ld+json\" class=\"yoast-schema-graph\">{\"@context\":\"https:\\\/\\\/schema.org\",\"@graph\":[{\"@type\":\"CollectionPage\",\"@id\":\"https:\\\/\\\/www.rebersrl.it\\\/fr\\\/transformation-aliments\\\/pressetomates\\\/\",\"url\":\"https:\\\/\\\/www.rebersrl.it\\\/fr\\\/transformation-aliments\\\/pressetomates\\\/\",\"name\":\"Presse tomates Archivi - Reber Srl\",\"isPartOf\":{\"@id\":\"https:\\\/\\\/www.rebersrl.it\\\/fr\\\/#website\"},\"description\":\"D\u00e9couvrez les presse-tomates professionnels Reber : id\u00e9aux pour transformer tomates, fruits et l\u00e9gumes en conserves, confitures et jus.\",\"breadcrumb\":{\"@id\":\"https:\\\/\\\/www.rebersrl.it\\\/fr\\\/transformation-aliments\\\/pressetomates\\\/#breadcrumb\"},\"inLanguage\":\"fr-FR\"},{\"@type\":\"BreadcrumbList\",\"@id\":\"https:\\\/\\\/www.rebersrl.it\\\/fr\\\/transformation-aliments\\\/pressetomates\\\/#breadcrumb\",\"itemListElement\":[{\"@type\":\"ListItem\",\"position\":1,\"name\":\"Home\",\"item\":\"https:\\\/\\\/www.rebersrl.it\\\/fr\\\/\"},{\"@type\":\"ListItem\",\"position\":2,\"name\":\"Transformation\",\"item\":\"https:\\\/\\\/www.rebersrl.it\\\/fr\\\/transformation\\\/\"},{\"@type\":\"ListItem\",\"position\":3,\"name\":\"Presse tomates\"}]},{\"@type\":\"WebSite\",\"@id\":\"https:\\\/\\\/www.rebersrl.it\\\/fr\\\/#website\",\"url\":\"https:\\\/\\\/www.rebersrl.it\\\/fr\\\/\",\"name\":\"Reber Srl\",\"description\":\"Elettrodomestici casalinghi dal 1964\",\"publisher\":{\"@id\":\"https:\\\/\\\/www.rebersrl.it\\\/fr\\\/#organization\"},\"potentialAction\":[{\"@type\":\"SearchAction\",\"target\":{\"@type\":\"EntryPoint\",\"urlTemplate\":\"https:\\\/\\\/www.rebersrl.it\\\/fr\\\/?s={search_term_string}\"},\"query-input\":{\"@type\":\"PropertyValueSpecification\",\"valueRequired\":true,\"valueName\":\"search_term_string\"}}],\"inLanguage\":\"fr-FR\"},{\"@type\":\"Organization\",\"@id\":\"https:\\\/\\\/www.rebersrl.it\\\/fr\\\/#organization\",\"name\":\"Reber srl\",\"url\":\"https:\\\/\\\/www.rebersrl.it\\\/fr\\\/\",\"logo\":{\"@type\":\"ImageObject\",\"inLanguage\":\"fr-FR\",\"@id\":\"https:\\\/\\\/www.rebersrl.it\\\/fr\\\/#\\\/schema\\\/logo\\\/image\\\/\",\"url\":\"https:\\\/\\\/www.rebersrl.it\\\/wp-content\\\/uploads\\\/2025\\\/10\\\/logo_reber_2025.png\",\"contentUrl\":\"https:\\\/\\\/www.rebersrl.it\\\/wp-content\\\/uploads\\\/2025\\\/10\\\/logo_reber_2025.png\",\"width\":600,\"height\":365,\"caption\":\"Reber srl\"},\"image\":{\"@id\":\"https:\\\/\\\/www.rebersrl.it\\\/fr\\\/#\\\/schema\\\/logo\\\/image\\\/\"}}]}<\/script>\n<!-- \/ Yoast SEO plugin. -->","yoast_head_json":{"title":"Presse tomates Archivi - Reber Srl","description":"D\u00e9couvrez les presse-tomates professionnels Reber : id\u00e9aux pour transformer tomates, fruits et l\u00e9gumes en conserves, confitures et jus.","robots":{"index":"index","follow":"follow","max-snippet":"max-snippet:-1","max-image-preview":"max-image-preview:large","max-video-preview":"max-video-preview:-1"},"canonical":"https:\/\/www.rebersrl.it\/fr\/transformation-aliments\/pressetomates\/","og_locale":"fr_FR","og_type":"article","og_title":"Presse tomates Archivi - Reber Srl","og_description":"D\u00e9couvrez les presse-tomates professionnels Reber : id\u00e9aux pour transformer tomates, fruits et l\u00e9gumes en conserves, confitures et jus.","og_url":"https:\/\/www.rebersrl.it\/fr\/transformation-aliments\/pressetomates\/","og_site_name":"Reber Srl","og_image":[{"width":1536,"height":1024,"type":"image\/png","url":"https:\/\/www.rebersrl.it\/wp-content\/uploads\/2025\/07\/Immagine-PNG-2.png"}],"twitter_card":"summary_large_image","schema":{"@context":"https:\/\/schema.org","@graph":[{"@type":"CollectionPage","@id":"https:\/\/www.rebersrl.it\/fr\/transformation-aliments\/pressetomates\/","url":"https:\/\/www.rebersrl.it\/fr\/transformation-aliments\/pressetomates\/","name":"Presse tomates Archivi - Reber Srl","isPartOf":{"@id":"https:\/\/www.rebersrl.it\/fr\/#website"},"description":"D\u00e9couvrez les presse-tomates professionnels Reber : id\u00e9aux pour transformer tomates, fruits et l\u00e9gumes en conserves, confitures et jus.","breadcrumb":{"@id":"https:\/\/www.rebersrl.it\/fr\/transformation-aliments\/pressetomates\/#breadcrumb"},"inLanguage":"fr-FR"},{"@type":"BreadcrumbList","@id":"https:\/\/www.rebersrl.it\/fr\/transformation-aliments\/pressetomates\/#breadcrumb","itemListElement":[{"@type":"ListItem","position":1,"name":"Home","item":"https:\/\/www.rebersrl.it\/fr\/"},{"@type":"ListItem","position":2,"name":"Transformation","item":"https:\/\/www.rebersrl.it\/fr\/transformation\/"},{"@type":"ListItem","position":3,"name":"Presse tomates"}]},{"@type":"WebSite","@id":"https:\/\/www.rebersrl.it\/fr\/#website","url":"https:\/\/www.rebersrl.it\/fr\/","name":"Reber Srl","description":"Elettrodomestici casalinghi dal 1964","publisher":{"@id":"https:\/\/www.rebersrl.it\/fr\/#organization"},"potentialAction":[{"@type":"SearchAction","target":{"@type":"EntryPoint","urlTemplate":"https:\/\/www.rebersrl.it\/fr\/?s={search_term_string}"},"query-input":{"@type":"PropertyValueSpecification","valueRequired":true,"valueName":"search_term_string"}}],"inLanguage":"fr-FR"},{"@type":"Organization","@id":"https:\/\/www.rebersrl.it\/fr\/#organization","name":"Reber srl","url":"https:\/\/www.rebersrl.it\/fr\/","logo":{"@type":"ImageObject","inLanguage":"fr-FR","@id":"https:\/\/www.rebersrl.it\/fr\/#\/schema\/logo\/image\/","url":"https:\/\/www.rebersrl.it\/wp-content\/uploads\/2025\/10\/logo_reber_2025.png","contentUrl":"https:\/\/www.rebersrl.it\/wp-content\/uploads\/2025\/10\/logo_reber_2025.png","width":600,"height":365,"caption":"Reber srl"},"image":{"@id":"https:\/\/www.rebersrl.it\/fr\/#\/schema\/logo\/image\/"}}]}},"_links":{"self":[{"href":"https:\/\/www.rebersrl.it\/fr\/wp-json\/wp\/v2\/tipologia-trasformare\/419","targetHints":{"allow":["GET"]}}],"collection":[{"href":"https:\/\/www.rebersrl.it\/fr\/wp-json\/wp\/v2\/tipologia-trasformare"}],"about":[{"href":"https:\/\/www.rebersrl.it\/fr\/wp-json\/wp\/v2\/taxonomies\/tipologia-trasformare"}],"wp:post_type":[{"href":"https:\/\/www.rebersrl.it\/fr\/wp-json\/wp\/v2\/trasformare?tipologia-trasformare=419"}],"curies":[{"name":"wp","href":"https:\/\/api.w.org\/{rel}","templated":true}]}}